{"@context":"https:\/\/schema.org\/","@type":"CollectionPage","@id":"https:\/\/www.enyaorg.cz\/dum-a-zahrada\/#CollectionPage","headline":"D\u016fm a zahrada Category","description":"","url":"https:\/\/www.enyaorg.cz\/dum-a-zahrada\/","hasPart":[{"@type":"Article","@id":"https:\/\/www.enyaorg.cz\/co-vse-si-muzete-postavit-na-zahrade\/","headline":"Co v\u0161e si m\u016f\u017eete postavit na zahrad\u011b?","url":"https:\/\/www.enyaorg.cz\/co-vse-si-muzete-postavit-na-zahrade\/","datePublished":"2025-03-02","dateModified":"2023-04-30","mainEntityOfPage":"https:\/\/www.enyaorg.cz\/co-vse-si-muzete-postavit-na-zahrade\/","author":{"@type":"Person","@id":"https:\/\/www.enyaorg.cz\/author\/#Person","name":"enyaorg.cz\n","url":"https:\/\/www.enyaorg.cz\/author\/","identifier":1,"image":{"@type":"ImageObject","@id":"https:\/\/secure.gravatar.com\/avatar\/4860d213c5bedfa07ff2b166ff7b069759f9dbf79eae813578c75f9f8cb939b7?s=96&d=mm&r=g","url":"https:\/\/secure.gravatar.com\/avatar\/4860d213c5bedfa07ff2b166ff7b069759f9dbf79eae813578c75f9f8cb939b7?s=96&d=mm&r=g","height":96,"width":96}},"publisher":{"@type":"Organization","name":"enyaorg.cz","logo":{"@type":"ImageObject","@id":"\/logo.png","url":"\/logo.png","width":600,"height":60}},"image":{"@type":"ImageObject","@id":"https:\/\/www.enyaorg.cz\/wp-content\/uploads\/img_a331525_w2337_t1544037327.jpg","url":"https:\/\/www.enyaorg.cz\/wp-content\/uploads\/img_a331525_w2337_t1544037327.jpg","height":0,"width":0},"keywords":null},{"@type":"Article","@id":"https:\/\/www.enyaorg.cz\/male-koupelny-se-vyznacuji-nejen-mensim-prostorem-a-mohou-take-poskytnout-inspirativni-moznosti\/","headline":"Mal\u00e9 koupelny se vyzna\u010duj\u00ed nejen men\u0161\u00edm prostorem a mohou tak\u00e9 poskytnout inspirativn\u00ed mo\u017enosti","url":"https:\/\/www.enyaorg.cz\/male-koupelny-se-vyznacuji-nejen-mensim-prostorem-a-mohou-take-poskytnout-inspirativni-moznosti\/","datePublished":"2020-12-23","dateModified":"2023-04-30","mainEntityOfPage":"https:\/\/www.enyaorg.cz\/male-koupelny-se-vyznacuji-nejen-mensim-prostorem-a-mohou-take-poskytnout-inspirativni-moznosti\/","author":{"@type":"Person","@id":"https:\/\/www.enyaorg.cz\/author\/#Person","name":"enyaorg.cz\n","url":"https:\/\/www.enyaorg.cz\/author\/","identifier":1,"image":{"@type":"ImageObject","@id":"https:\/\/secure.gravatar.com\/avatar\/4860d213c5bedfa07ff2b166ff7b069759f9dbf79eae813578c75f9f8cb939b7?s=96&d=mm&r=g","url":"https:\/\/secure.gravatar.com\/avatar\/4860d213c5bedfa07ff2b166ff7b069759f9dbf79eae813578c75f9f8cb939b7?s=96&d=mm&r=g","height":96,"width":96}},"publisher":{"@type":"Organization","name":"enyaorg.cz","logo":{"@type":"ImageObject","@id":"\/logo.png","url":"\/logo.png","width":600,"height":60}},"image":{"@type":"ImageObject","@id":"https:\/\/www.enyaorg.cz\/wp-content\/uploads\/mal%C3%A1%20koupelna_oQ1U0z.jpg","url":"https:\/\/www.enyaorg.cz\/wp-content\/uploads\/mal%C3%A1%20koupelna_oQ1U0z.jpg","height":0,"width":0},"keywords":null},{"@type":"Article","@id":"https:\/\/www.enyaorg.cz\/jak-bydlet\/","headline":"Jak bydlet?","url":"https:\/\/www.enyaorg.cz\/jak-bydlet\/","datePublished":"2019-04-19","dateModified":"2023-04-30","mainEntityOfPage":"https:\/\/www.enyaorg.cz\/jak-bydlet\/","author":{"@type":"Person","@id":"https:\/\/www.enyaorg.cz\/author\/#Person","name":"enyaorg.cz\n","url":"https:\/\/www.enyaorg.cz\/author\/","identifier":1,"image":{"@type":"ImageObject","@id":"https:\/\/secure.gravatar.com\/avatar\/4860d213c5bedfa07ff2b166ff7b069759f9dbf79eae813578c75f9f8cb939b7?s=96&d=mm&r=g","url":"https:\/\/secure.gravatar.com\/avatar\/4860d213c5bedfa07ff2b166ff7b069759f9dbf79eae813578c75f9f8cb939b7?s=96&d=mm&r=g","height":96,"width":96}},"publisher":{"@type":"Organization","name":"enyaorg.cz","logo":{"@type":"ImageObject","@id":"\/logo.png","url":"\/logo.png","width":600,"height":60}},"image":{"@type":"ImageObject","@id":"https:\/\/www.enyaorg.cz\/wp-content\/uploads\/img_a343384_w2337_t1556450114.jpg","url":"https:\/\/www.enyaorg.cz\/wp-content\/uploads\/img_a343384_w2337_t1556450114.jpg","height":0,"width":0},"keywords":null},{"@type":"Article","@id":"https:\/\/www.enyaorg.cz\/posezeni-pro-uzitek-i-relaxaci\/","headline":"Posezen\u00ed pro u\u017eitek i relaxaci","url":"https:\/\/www.enyaorg.cz\/posezeni-pro-uzitek-i-relaxaci\/","datePublished":"2018-09-11","dateModified":"2023-04-30","mainEntityOfPage":"https:\/\/www.enyaorg.cz\/posezeni-pro-uzitek-i-relaxaci\/","author":{"@type":"Person","@id":"https:\/\/www.enyaorg.cz\/author\/#Person","name":"enyaorg.cz\n","url":"https:\/\/www.enyaorg.cz\/author\/","identifier":1,"image":{"@type":"ImageObject","@id":"https:\/\/secure.gravatar.com\/avatar\/4860d213c5bedfa07ff2b166ff7b069759f9dbf79eae813578c75f9f8cb939b7?s=96&d=mm&r=g","url":"https:\/\/secure.gravatar.com\/avatar\/4860d213c5bedfa07ff2b166ff7b069759f9dbf79eae813578c75f9f8cb939b7?s=96&d=mm&r=g","height":96,"width":96}},"publisher":{"@type":"Organization","name":"enyaorg.cz","logo":{"@type":"ImageObject","@id":"\/logo.png","url":"\/logo.png","width":600,"height":60}},"image":{"@type":"ImageObject","@id":"https:\/\/www.enyaorg.cz\/wp-content\/uploads\/img_a325983_w2337_t1538164760.jpg","url":"https:\/\/www.enyaorg.cz\/wp-content\/uploads\/img_a325983_w2337_t1538164760.jpg","height":0,"width":0},"keywords":null},{"@type":"Article","@id":"https:\/\/www.enyaorg.cz\/mesto-nebo-vesnice\/","headline":"M\u011bsto nebo vesnice?","url":"https:\/\/www.enyaorg.cz\/mesto-nebo-vesnice\/","datePublished":"2018-08-14","dateModified":"2023-04-30","mainEntityOfPage":"https:\/\/www.enyaorg.cz\/mesto-nebo-vesnice\/","author":{"@type":"Person","@id":"https:\/\/www.enyaorg.cz\/author\/#Person","name":"enyaorg.cz\n","url":"https:\/\/www.enyaorg.cz\/author\/","identifier":1,"image":{"@type":"ImageObject","@id":"https:\/\/secure.gravatar.com\/avatar\/4860d213c5bedfa07ff2b166ff7b069759f9dbf79eae813578c75f9f8cb939b7?s=96&d=mm&r=g","url":"https:\/\/secure.gravatar.com\/avatar\/4860d213c5bedfa07ff2b166ff7b069759f9dbf79eae813578c75f9f8cb939b7?s=96&d=mm&r=g","height":96,"width":96}},"publisher":{"@type":"Organization","name":"enyaorg.cz","logo":{"@type":"ImageObject","@id":"\/logo.png","url":"\/logo.png","width":600,"height":60}},"image":{"@type":"ImageObject","@id":"https:\/\/www.enyaorg.cz\/wp-content\/uploads\/img_a322517_w2337_t1534222422.jpg","url":"https:\/\/www.enyaorg.cz\/wp-content\/uploads\/img_a322517_w2337_t1534222422.jpg","height":0,"width":0},"keywords":null},{"@type":"Article","@id":"https:\/\/www.enyaorg.cz\/kdo-si-muze-dovolit-hypoteku\/","headline":"Kdo si m\u016f\u017ee dovolit hypot\u00e9ku?","url":"https:\/\/www.enyaorg.cz\/kdo-si-muze-dovolit-hypoteku\/","datePublished":"2018-08-12","dateModified":"2023-04-30","mainEntityOfPage":"https:\/\/www.enyaorg.cz\/kdo-si-muze-dovolit-hypoteku\/","author":{"@type":"Person","@id":"https:\/\/www.enyaorg.cz\/author\/#Person","name":"enyaorg.cz\n","url":"https:\/\/www.enyaorg.cz\/author\/","identifier":1,"image":{"@type":"ImageObject","@id":"https:\/\/secure.gravatar.com\/avatar\/4860d213c5bedfa07ff2b166ff7b069759f9dbf79eae813578c75f9f8cb939b7?s=96&d=mm&r=g","url":"https:\/\/secure.gravatar.com\/avatar\/4860d213c5bedfa07ff2b166ff7b069759f9dbf79eae813578c75f9f8cb939b7?s=96&d=mm&r=g","height":96,"width":96}},"publisher":{"@type":"Organization","name":"enyaorg.cz","logo":{"@type":"ImageObject","@id":"\/logo.png","url":"\/logo.png","width":600,"height":60}},"image":{"@type":"ImageObject","@id":"https:\/\/www.enyaorg.cz\/wp-content\/uploads\/img_a322431_w2337_t1534067488.jpg","url":"https:\/\/www.enyaorg.cz\/wp-content\/uploads\/img_a322431_w2337_t1534067488.jpg","height":0,"width":0},"keywords":null},{"@type":"Article","@id":"https:\/\/www.enyaorg.cz\/kozene-sedaci-soupravy-aneb-zaruka-v-dlouhe-zivotnosti\/","headline":"Ko\u017een\u00e9 sedac\u00ed soupravy aneb z\u00e1ruka v dlouh\u00e9 \u017eivotnosti","url":"https:\/\/www.enyaorg.cz\/kozene-sedaci-soupravy-aneb-zaruka-v-dlouhe-zivotnosti\/","datePublished":"2018-03-04","dateModified":"2023-04-30","mainEntityOfPage":"https:\/\/www.enyaorg.cz\/kozene-sedaci-soupravy-aneb-zaruka-v-dlouhe-zivotnosti\/","author":{"@type":"Person","@id":"https:\/\/www.enyaorg.cz\/author\/#Person","name":"enyaorg.cz\n","url":"https:\/\/www.enyaorg.cz\/author\/","identifier":1,"image":{"@type":"ImageObject","@id":"https:\/\/secure.gravatar.com\/avatar\/4860d213c5bedfa07ff2b166ff7b069759f9dbf79eae813578c75f9f8cb939b7?s=96&d=mm&r=g","url":"https:\/\/secure.gravatar.com\/avatar\/4860d213c5bedfa07ff2b166ff7b069759f9dbf79eae813578c75f9f8cb939b7?s=96&d=mm&r=g","height":96,"width":96}},"publisher":{"@type":"Organization","name":"enyaorg.cz","logo":{"@type":"ImageObject","@id":"\/logo.png","url":"\/logo.png","width":600,"height":60}},"image":{"@type":"ImageObject","@id":"https:\/\/www.enyaorg.cz\/wp-content\/uploads\/img_a313888_w1693_t1524669120.jpg","url":"https:\/\/www.enyaorg.cz\/wp-content\/uploads\/img_a313888_w1693_t1524669120.jpg","height":0,"width":0},"keywords":null}]}