[{"@context":"https:\/\/schema.org\/","@type":"Article","@id":"https:\/\/www.enyaorg.cz\/nase-deti\/#Article","mainEntityOfPage":"https:\/\/www.enyaorg.cz\/nase-deti\/","headline":"Na\u0161e d\u011bti","name":"Na\u0161e d\u011bti","description":"D\u011bti jsou pro n\u00e1s to, \u010demu se \u0159\u00edk\u00e1 budoucnost. A nedok\u00e1zala jsem si p\u0159edstavit, \u017ee bych m\u011bla v\u016fbec n\u011bjak\u00e9 d\u00edt\u011b. Ale abych se v\u00e1m p\u0159iznala, tak do t\u011bch sv\u00fdch p\u011btadvaceti let jsem v\u016fbec nesnila o tom, \u017ee budu m\u00edt n\u011bjak\u00e9 d\u00edt\u011b. Cht\u011bla jsem si jenom u\u017e\u00edvat a cestovat. Milovala jsem cestov\u00e1n\u00ed v\u0161ude po sv\u011bt\u011b. Mohu se pochlubit t\u00edm, \u017ee jsem byla v tolika zem\u00edch a v kolika st\u00e1tech, \u017ee se tam n\u011bjak\u00fd \u010dlov\u011bk nepod\u00edv\u00e1 ani za cel\u00fd sv\u016fj \u017eivot. A","datePublished":"2022-09-30","dateModified":"2022-09-30","author":{"@type":"Person","@id":"https:\/\/www.enyaorg.cz\/author\/#Person","name":"enyaorg.cz\n","url":"https:\/\/www.enyaorg.cz\/author\/","identifier":1,"image":{"@type":"ImageObject","@id":"https:\/\/secure.gravatar.com\/avatar\/4860d213c5bedfa07ff2b166ff7b069759f9dbf79eae813578c75f9f8cb939b7?s=96&d=mm&r=g","url":"https:\/\/secure.gravatar.com\/avatar\/4860d213c5bedfa07ff2b166ff7b069759f9dbf79eae813578c75f9f8cb939b7?s=96&d=mm&r=g","height":96,"width":96}},"publisher":{"@type":"Organization","name":"enyaorg.cz","logo":{"@type":"ImageObject","@id":"\/logo.png","url":"\/logo.png","width":600,"height":60}},"image":{"@type":"ImageObject","@id":"https:\/\/www.enyaorg.cz\/wp-content\/uploads\/sisters-931131_960_720_2.jpg","url":"https:\/\/www.enyaorg.cz\/wp-content\/uploads\/sisters-931131_960_720_2.jpg","height":0,"width":0},"url":"https:\/\/www.enyaorg.cz\/nase-deti\/","about":["D\u011bti"],"wordCount":437,"articleBody":"D\u011bti jsou pro n\u00e1s to, \u010demu se \u0159\u00edk\u00e1 budoucnost. A nedok\u00e1zala jsem si p\u0159edstavit, \u017ee bych m\u011bla v\u016fbec n\u011bjak\u00e9 d\u00edt\u011b. Ale abych se v\u00e1m p\u0159iznala, tak do t\u011bch sv\u00fdch p\u011btadvaceti let jsem v\u016fbec nesnila o tom, \u017ee budu m\u00edt n\u011bjak\u00e9 d\u00edt\u011b. Cht\u011bla jsem si jenom u\u017e\u00edvat a cestovat. Milovala jsem cestov\u00e1n\u00ed v\u0161ude po sv\u011bt\u011b. Mohu se pochlubit t\u00edm, \u017ee jsem byla v tolika zem\u00edch a v kolika st\u00e1tech, \u017ee se tam n\u011bjak\u00fd \u010dlov\u011bk nepod\u00edv\u00e1 ani za cel\u00fd sv\u016fj \u017eivot. A j\u00e1 jsem tohle zvl\u00e1dla v\u0161echno b\u011bhem p\u011bti let. Proto\u017ee m\u00e1m opravdu skv\u011blou pr\u00e1ci, kter\u00e1 je skv\u011bl\u00e9 financovan\u00e1. Mysl\u00edm si, \u017ee tohle je ale skv\u011bl\u00fd n\u00e1pad, jak poznat sv\u011bt a jak naj\u00edt s\u00e1m sebe. Cestov\u00e1n\u00ed v\u017edycky byl m\u016fj sen.A proto bych mohla cestovat v\u0161ude po sv\u011bt\u011b, jsem si nemohla dovolit m\u00edt \u017e\u00e1dn\u00e9 d\u00edt\u011b. Sice ano, taky se d\u00e1 taky skv\u011ble cestovat s d\u011btmi. Jenom\u017ee d\u011bti by m\u011b v tom akor\u00e1t omezovaly. M\u00e1m taky r\u00e1da no\u010dn\u00ed \u017eivot, ale s d\u00edt\u011btem to p\u0159eci nejde dohromady. No\u010dn\u00ed \u017eivot a d\u00edt\u011b prost\u011b nejde dohromady, a to v\u00edme \u00fapln\u011b v\u0161ichni. Tohle ale v\u00edte. Tak jsem si \u0159ekla, \u017ee budu \u017e\u00edt \u017eivot bez d\u011bt\u00ed. Ov\u0161em ale po letech jsem si na\u0161la p\u0159\u00edtele, kter\u00fd po d\u011btech snil. P\u016fl roku m\u011b p\u0159emlouval, dokud jsem se nechala p\u0159emluvit a nyn\u00ed m\u00e1me ro\u010dn\u00ed dceru. Mus\u00edm \u0159\u00edct, \u017ee cel\u00e9 t\u011bhotenstv\u00ed jsem byla napjat\u00e1 a ve stresu, jak tohle v\u0161echno cel\u00e9 dopadne. Nakonec to dopadlo \u00fapln\u011b nejl\u00e9pe tak, jak mohlo. A svou dceru miluji a v\u016fbec toho nelituji, \u017ee d\u00edt\u011b m\u00e1m. Mysl\u00edm si, \u017ee d\u011bti jsou opravdu \u0161t\u011bst\u00ed a jsem r\u00e1da \u017ee s d\u00edt\u011btem taky mohu cestovat. A sice ne tak \u010dasto, ale taky cestujeme. A\u00a0vypad\u00e1\u00a0to, \u017ee z m\u00ed dcery bude asi taky velk\u00e1 cestovatelka,\u00a0proto\u017ee\u00a0u\u017e doma b\u011bh\u00e1 m\u00edsto s\u00a0hra\u010dkami\u00a0s batohem a taky s mapou.\u00a0Mysl\u00edm\u00a0si, \u017ee d\u011bti\u00a0po sv\u00fdch\u00a0rodi\u010d\u00edch mohou\u00a0d\u011bti\u00a0takov\u00e9 geny, \u017ee zd\u011bd\u00ed\u00a0t\u0159eba\u00a0i z\u00e1liby\u00a0nebo\u00a0n\u011bjak\u00e9 typick\u00e9 rysy. A kdyby dcera\u00a0byla\u00a0t\u0159eba potom profesion\u00e1ln\u00ed cestovatelka? O tom nen\u00ed pochyb!                                                                                                                                                                                                                                                                                                                                                                                        4.2\/5 - (5 votes)        "},{"@context":"https:\/\/schema.org\/","@type":"BreadcrumbList","itemListElement":[{"@type":"ListItem","position":1,"name":"Na\u0161e d\u011bti","item":"https:\/\/www.enyaorg.cz\/nase-deti\/#breadcrumbitem"}]}]