[{"@context":"https:\/\/schema.org\/","@type":"Article","@id":"https:\/\/www.enyaorg.cz\/s-taznym-zarizenim-si-muzete-svou-vodackou-vypravu-lepe-zorganizovat\/#Article","mainEntityOfPage":"https:\/\/www.enyaorg.cz\/s-taznym-zarizenim-si-muzete-svou-vodackou-vypravu-lepe-zorganizovat\/","headline":"S ta\u017en\u00fdm za\u0159\u00edzen\u00edm si m\u016f\u017eete svou vod\u00e1ckou v\u00fdpravu l\u00e9pe zorganizovat","name":"S ta\u017en\u00fdm za\u0159\u00edzen\u00edm si m\u016f\u017eete svou vod\u00e1ckou v\u00fdpravu l\u00e9pe zorganizovat","description":"Vod\u00e1ci se v \u010cesk\u00e9 republice d\u011bl\u00ed do dvou z\u00e1kladn\u00edch skupin. Do t\u00e9 prvn\u00ed pat\u0159\u00ed lid\u00e9, co nejrad\u011bji v\u0161e ponech\u00e1vaj\u00ed n\u00e1hod\u011b anebo se p\u0159izp\u016fsobuj\u00ed dan\u00fdm podm\u00ednk\u00e1m, kter\u00e9 jim nab\u00eddnou p\u016fj\u010dovny lod\u00ed a vod\u00e1ck\u00e9ho vybaven\u00ed. Druhou skupinu tvo\u0159\u00ed nad\u0161enci, co si v\u00fdpravu chystaj\u00ed sami ve sv\u00e9 re\u017eii, zaji\u0161\u0165uj\u00ed si i p\u0159epravu lod\u00ed a zavazadel a nejsou v podstat\u011b na nikom a ni\u010dem z\u00e1visl\u00ed. Pot\u0159ebuj\u00ed k tomu pouze vlastn\u00ed v\u016fz s ta\u017en\u00fdm za\u0159\u00edzen\u00edm na auto Subaru https:\/\/www.amsa.cz\/Subaru-66183 \u010di jin\u00fdch zna\u010dek, chcete-li, a p\u0159\u00edv\u011bsn\u00fd","datePublished":"2022-06-12","dateModified":"2023-04-30","author":{"@type":"Person","@id":"https:\/\/www.enyaorg.cz\/author\/#Person","name":"enyaorg.cz\n","url":"https:\/\/www.enyaorg.cz\/author\/","identifier":1,"image":{"@type":"ImageObject","@id":"https:\/\/secure.gravatar.com\/avatar\/4860d213c5bedfa07ff2b166ff7b069759f9dbf79eae813578c75f9f8cb939b7?s=96&d=mm&r=g","url":"https:\/\/secure.gravatar.com\/avatar\/4860d213c5bedfa07ff2b166ff7b069759f9dbf79eae813578c75f9f8cb939b7?s=96&d=mm&r=g","height":96,"width":96}},"publisher":{"@type":"Organization","name":"enyaorg.cz","logo":{"@type":"ImageObject","@id":"\/logo.png","url":"\/logo.png","width":600,"height":60}},"image":{"@type":"ImageObject","@id":"https:\/\/www.enyaorg.cz\/wp-content\/uploads\/clutch-3691709_640_10_1.jpg","url":"https:\/\/www.enyaorg.cz\/wp-content\/uploads\/clutch-3691709_640_10_1.jpg","height":0,"width":0},"url":"https:\/\/www.enyaorg.cz\/s-taznym-zarizenim-si-muzete-svou-vodackou-vypravu-lepe-zorganizovat\/","about":["Zbo\u017e\u00ed"],"wordCount":435,"articleBody":"   Vod\u00e1ci se v \u010cesk\u00e9 republice d\u011bl\u00ed do dvou z\u00e1kladn\u00edch skupin. Do t\u00e9 prvn\u00ed pat\u0159\u00ed lid\u00e9, co nejrad\u011bji v\u0161e ponech\u00e1vaj\u00ed n\u00e1hod\u011b anebo se p\u0159izp\u016fsobuj\u00ed dan\u00fdm podm\u00ednk\u00e1m, kter\u00e9 jim nab\u00eddnou p\u016fj\u010dovny lod\u00ed a vod\u00e1ck\u00e9ho vybaven\u00ed. Druhou skupinu tvo\u0159\u00ed nad\u0161enci, co si v\u00fdpravu chystaj\u00ed sami ve sv\u00e9 re\u017eii, zaji\u0161\u0165uj\u00ed si i p\u0159epravu lod\u00ed a zavazadel a nejsou v podstat\u011b na nikom a ni\u010dem z\u00e1visl\u00ed. Pot\u0159ebuj\u00ed k tomu pouze vlastn\u00ed v\u016fz s ta\u017en\u00fdm za\u0159\u00edzen\u00edm na auto Subaru https:\/\/www.amsa.cz\/Subaru-66183 \u010di jin\u00fdch zna\u010dek, chcete-li, a p\u0159\u00edv\u011bsn\u00fd voz\u00edk s n\u00e1stavbou na p\u0159ev\u00e1\u017een\u00ed lod\u00ed, i kdy\u017e samotn\u00fd voz\u00edk se d\u00e1 tak\u00e9 pouze pronajmout.Jak\u00e9 v\u00fdhody m\u00e1 vlastn\u00ed ta\u017en\u00e9 za\u0159\u00edzen\u00ed na vod\u00e1ck\u00e9 v\u00fdprav\u011bNemus\u00edte se plavit s bag\u00e1\u017e\u00ed \u2013 nejobt\u00ed\u017en\u011bj\u0161\u00ed na cel\u00e9 plavb\u011b je v\u017edy hmotnost zavazadel, kter\u00e1 naskl\u00e1d\u00e1na v lod\u00edch mus\u00edte vl\u00e1\u010det s sebou. Copak na \u0159\u00ed\u010dn\u00ed hladin\u011b to tak zn\u00e1t nen\u00ed, ale v okam\u017eiku, kdy mus\u00edte lod\u011b p\u0159en\u00e1\u0161et pod\u00e9l b\u0159ehu u nesj\u00edzdn\u00e9ho jezu, zaznamen\u00e1te na sv\u00fdch bedrech ka\u017ed\u00fd kilogram nav\u00edc.V p\u0159\u00edpad\u011b nep\u0159\u00edzn\u011b po\u010das\u00ed zm\u011bn\u00edte program \u2013 vodn\u00ed turistika je skv\u011bl\u00e1 a n\u011bkte\u0159\u00ed vod\u00e1ci ji miluj\u00ed natolik, \u017ee si nedovedou p\u0159edstavit tr\u00e1vit jin\u00fdm zp\u016fsobem dovolenou. Ale n\u011bkter\u00e9 \u0159\u00ed\u010dn\u00ed \u00faseky jsou natolik zaj\u00edmav\u00e9, \u017ee by byla \u0161koda neprohl\u00e9dnout si je t\u0159eba na p\u011b\u0161\u00edm \u010di cyklistick\u00e9m v\u00fdletu. Kup\u0159\u00edkladu na Vltav\u011b \u00fasek pod \u010cesk\u00fdm Krumlovem, kter\u00fd je l\u00e1kav\u00fd i na proj\u00ed\u017e\u010fku do poho\u0159\u00ed Blansk\u00e9ho lesa. M\u00e1te-li lod\u011b nalo\u017een\u00e9 na voz\u00edku za ta\u017en\u00fdm za\u0159\u00edzen\u00edm, m\u016f\u017eete se s nimi p\u0159esunout t\u0159eba do Kr\u00e1set\u00edna na parkovi\u0161t\u011b pod lanovkou na Kle\u0165 a u\u017e\u00edt si den v t\u011bchto m\u00edstech jako p\u011b\u0161\u00ed turist\u00e9.Vynech\u00e1te obt\u00ed\u017en\u00e9 \u00faseky \u2013 co kdy\u017e se zrovna spust\u00ed p\u0159\u00edvalov\u00fd lij\u00e1k a ten zv\u00fd\u0161\u00ed obt\u00ed\u017enost n\u011bkter\u00e9ho \u00faseku, nap\u0159. pe\u0159ej\u00ed, o dva stupn\u011b, na WW III? Pokud se plav\u00edte s d\u011btmi \u010di se psy, bude rozumn\u011bj\u0161\u00ed tento \u00fasek rad\u011bji vynechat a p\u0159ev\u00e9zt lod\u011b na bezpe\u010dn\u011bj\u0161\u00ed stanovi\u0161t\u011b. Kdybyste m\u011bli lod\u011b pronajat\u00e9 z p\u016fj\u010dovny, nic takov\u00e9ho byste si nemohli dovolit.                                                                                                                                                                                                                                                                                                                                                                                          4.7\/5 - (7 votes)        "},{"@context":"https:\/\/schema.org\/","@type":"BreadcrumbList","itemListElement":[{"@type":"ListItem","position":1,"name":"S ta\u017en\u00fdm za\u0159\u00edzen\u00edm si m\u016f\u017eete svou vod\u00e1ckou v\u00fdpravu l\u00e9pe zorganizovat","item":"https:\/\/www.enyaorg.cz\/s-taznym-zarizenim-si-muzete-svou-vodackou-vypravu-lepe-zorganizovat\/#breadcrumbitem"}]}]