[{"@context":"https:\/\/schema.org\/","@type":"Article","@id":"https:\/\/www.enyaorg.cz\/zatezova-vesta-jaky-je-jeji-hlavni-ucel\/#Article","mainEntityOfPage":"https:\/\/www.enyaorg.cz\/zatezova-vesta-jaky-je-jeji-hlavni-ucel\/","headline":"Z\u00e1t\u011b\u017eov\u00e1 vesta \u2013 jak\u00fd je jej\u00ed hlavn\u00ed \u00fa\u010del?","name":"Z\u00e1t\u011b\u017eov\u00e1 vesta \u2013 jak\u00fd je jej\u00ed hlavn\u00ed \u00fa\u010del?","description":"Ur\u010dit\u011b jste ji\u017e setkali n\u011bkoho, kdo m\u011bl na sob\u011b z\u00e1t\u011b\u017eovou vestu. Z\u00e1t\u011b\u017eov\u00e1 vesta p\u0159edstavuje obl\u00edbenou pom\u016fcku na cvi\u010den\u00ed. Skr\u00fdv\u00e1 v sob\u011b mnoho v\u00fdhod a cvi\u010den\u00ed s n\u00ed se st\u00e1v\u00e1 efektivn\u011bj\u0161\u00edm. Jak\u00fd je jej\u00ed hlavn\u00ed \u00fa\u010del? Pokud v\u00e1s z\u00e1t\u011b\u017eov\u00e1 vesta zaj\u00edm\u00e1, porad\u00edme v\u00e1m, jak ji spr\u00e1vn\u011b vybrat, tak aby splnila sv\u016fj \u00fa\u010del co nejl\u00e9pe! V\u00fdhody cvi\u010den\u00ed se z\u00e1t\u011b\u017eovou vestou Pat\u0159\u00edte mezi ty, kte\u0159\u00ed cht\u011bj\u00ed sp\u00e1lit tuky efektivn\u011bji? Nebo si chcete jen vybudovat kondici? V tom p\u0159\u00edpad\u011b v\u00e1m z\u00e1t\u011b\u017eov\u00e1 vesta pom\u016f\u017ee! Lze","datePublished":"2020-05-11","dateModified":"2023-04-30","author":{"@type":"Person","@id":"https:\/\/www.enyaorg.cz\/author\/#Person","name":"enyaorg.cz\n","url":"https:\/\/www.enyaorg.cz\/author\/","identifier":1,"image":{"@type":"ImageObject","@id":"https:\/\/secure.gravatar.com\/avatar\/4860d213c5bedfa07ff2b166ff7b069759f9dbf79eae813578c75f9f8cb939b7?s=96&d=mm&r=g","url":"https:\/\/secure.gravatar.com\/avatar\/4860d213c5bedfa07ff2b166ff7b069759f9dbf79eae813578c75f9f8cb939b7?s=96&d=mm&r=g","height":96,"width":96}},"publisher":{"@type":"Organization","name":"enyaorg.cz","logo":{"@type":"ImageObject","@id":"\/logo.png","url":"\/logo.png","width":600,"height":60}},"image":{"@type":"ImageObject","@id":"https:\/\/www.enyaorg.cz\/wp-content\/uploads\/img_a379154_w2337_t1590565533.jpg","url":"https:\/\/www.enyaorg.cz\/wp-content\/uploads\/img_a379154_w2337_t1590565533.jpg","height":0,"width":0},"url":"https:\/\/www.enyaorg.cz\/zatezova-vesta-jaky-je-jeji-hlavni-ucel\/","about":["Z\u00e1bava"],"wordCount":522,"articleBody":"   Ur\u010dit\u011b jste ji\u017e setkali n\u011bkoho, kdo m\u011bl na sob\u011b z\u00e1t\u011b\u017eovou vestu. Z\u00e1t\u011b\u017eov\u00e1 vesta p\u0159edstavuje obl\u00edbenou pom\u016fcku na cvi\u010den\u00ed. Skr\u00fdv\u00e1 v sob\u011b mnoho v\u00fdhod a cvi\u010den\u00ed s n\u00ed se st\u00e1v\u00e1 efektivn\u011bj\u0161\u00edm. Jak\u00fd je jej\u00ed hlavn\u00ed \u00fa\u010del? Pokud v\u00e1s z\u00e1t\u011b\u017eov\u00e1 vesta zaj\u00edm\u00e1, porad\u00edme v\u00e1m, jak ji spr\u00e1vn\u011b vybrat, tak aby splnila sv\u016fj \u00fa\u010del co nejl\u00e9pe!   V\u00fdhody cvi\u010den\u00ed se z\u00e1t\u011b\u017eovou vestou Pat\u0159\u00edte mezi ty, kte\u0159\u00ed cht\u011bj\u00ed sp\u00e1lit tuky efektivn\u011bji? Nebo si chcete jen vybudovat kondici? V tom p\u0159\u00edpad\u011b v\u00e1m z\u00e1t\u011b\u017eov\u00e1 vesta pom\u016f\u017ee! Lze ji definovat jako prost\u0159edek na cvi\u010den\u00ed, d\u00edky kter\u00e9 budete cvi\u010dit s v\u011bt\u0161\u00edmi v\u00e1hami. A to plat\u00ed jak p\u0159i aerobn\u00edm cvi\u010den\u00ed, jako\u017e i p\u0159i posilov\u00e1n\u00ed jako takov\u00e9m. Cvi\u010den\u00ed se d\u00edky n\u00ed stane efektivn\u011bji a vy se nad\u011bl\u00e1te mnohem v\u00edce, d\u00edky \u010demu\u017e sp\u00e1l\u00edte i v\u00edce kalori\u00ed. Tot\u00e9\u017e plat\u00ed i o nab\u00edr\u00e1n\u00ed svalov\u00e9 hmoty. Nej\u010dast\u011bji se se z\u00e1t\u011b\u017eovou vestou cvi\u010d\u00ed v\u00fdpady, kliky, ale dokonce i sklapova\u010dky. Z\u00e1t\u011b\u017eov\u00e1 vesta se nej\u010dast\u011bji vyr\u00e1b\u00ed z neoprene a jej\u00ed ned\u00edlnou sou\u010d\u00e1st\u00ed jsou kapsy, do kter\u00fdch se um\u00eds\u0165uj\u00ed z\u00e1va\u017e\u00ed. D\u00edky tomu je mo\u017en\u00e9 si v\u00e1hu samovoln\u011b upravovat. Jej\u00ed hlavn\u00ed podstata spo\u010d\u00edv\u00e1 v tom, \u017ee se b\u011bhem cvi\u010den\u00ed zvy\u0161uje vlastn\u00ed hmotnost.   Vyb\u00edr\u00e1me z\u00e1t\u011b\u017eovou vestu \u2013 na co si d\u00e1t pozor a \u010demu se vyvarovat? Pokud v\u00e1s tato pom\u016fcka l\u00e1k\u00e1, av\u0161ak m\u00e1te strach z toho, jak se v\u00e1m se z\u00e1t\u011b\u017eovou vestou bude cvi\u010dit, vyzkou\u0161ejte nejd\u0159\u00edve band\u00e1\u017ee na z\u00e1p\u011bst\u00ed! Takov\u00e9 band\u00e1\u017ee je mo\u017en\u00e9 p\u0159i cvi\u010den\u00ed nosit nap\u0159\u00edklad i na noh\u00e1ch. Sta\u010d\u00ed m\u00edt na sob\u011b jen o p\u00e1r kilogram\u016f nav\u00edc a namo\u017een\u00e9 svaly se ur\u010dit\u011b dostav\u00ed! Kdy\u017e si budete jisti, \u017ee z\u00e1t\u011b\u017eovou vestu opravdu chcete, p\u0159i jej\u00edm v\u00fdb\u011bru myslete na to, \u017ee d\u016fle\u017eit\u00fd je materi\u00e1l, z jak\u00e9ho je zhotovena. I kdy\u017e se nej\u010dast\u011bji zhotovuje z neoprene, ne v\u017edy vesta spl\u0148uje ur\u010dit\u00e9 kvalitativn\u00ed vlastnosti. D\u016fle\u017eit\u00e9 je i to, odkud si vestu po\u0159\u00edd\u00edte. Co se t\u00fd\u010de v\u00e1hy, tu si ur\u010dujete vy sami. Nejd\u016fle\u017eit\u011bj\u0161\u00ed v\u0161ak je to, aby v\u00e1m z\u00e1t\u011b\u017eov\u00e1 vesta sedla a c\u00edtili se v n\u00ed p\u0159\u00edjemn\u011b tak p\u0159i samotn\u00e9m cvi\u010den\u00ed, jako\u017e i v p\u0159\u00edpad\u011b, \u017ee ji budete vyu\u017e\u00edvat nap\u0159\u00edklad jen na ch\u016fzi. Pokud hled\u00e1te kvalitn\u00ed z\u00e1t\u011b\u017eov\u00e9 vesty, na str\u00e1nce https:\/\/inlive.cz\/najdete jejich bohatou nab\u00eddku. Vyformujte si postavu rychle a zvy\u0161te svou kondici d\u00edky z\u00e1t\u011b\u017eov\u00e9 vest\u011b i vy!                                                                                                                                                                                                                                                                                                                                                                                          3.3\/5 - (9 votes)        "},{"@context":"https:\/\/schema.org\/","@type":"BreadcrumbList","itemListElement":[{"@type":"ListItem","position":1,"name":"Z\u00e1t\u011b\u017eov\u00e1 vesta \u2013 jak\u00fd je jej\u00ed hlavn\u00ed \u00fa\u010del?","item":"https:\/\/www.enyaorg.cz\/zatezova-vesta-jaky-je-jeji-hlavni-ucel\/#breadcrumbitem"}]}]