{"@context":"https:\/\/schema.org\/","@type":"CollectionPage","@id":"https:\/\/www.enyaorg.cz\/zbozi\/#CollectionPage","headline":"Zbo\u017e\u00ed Category","description":"","url":"https:\/\/www.enyaorg.cz\/zbozi\/","hasPart":[{"@type":"Article","@id":"https:\/\/www.enyaorg.cz\/elektronika-vsude-kam-se-podivas\/","headline":"Elektronika v\u0161ude, kam se pod\u00edv\u00e1\u0161","url":"https:\/\/www.enyaorg.cz\/elektronika-vsude-kam-se-podivas\/","datePublished":"2019-03-18","dateModified":"2023-04-30","mainEntityOfPage":"https:\/\/www.enyaorg.cz\/elektronika-vsude-kam-se-podivas\/","author":{"@type":"Person","@id":"https:\/\/www.enyaorg.cz\/author\/#Person","name":"enyaorg.cz\n","url":"https:\/\/www.enyaorg.cz\/author\/","identifier":1,"image":{"@type":"ImageObject","@id":"https:\/\/secure.gravatar.com\/avatar\/4860d213c5bedfa07ff2b166ff7b069759f9dbf79eae813578c75f9f8cb939b7?s=96&d=mm&r=g","url":"https:\/\/secure.gravatar.com\/avatar\/4860d213c5bedfa07ff2b166ff7b069759f9dbf79eae813578c75f9f8cb939b7?s=96&d=mm&r=g","height":96,"width":96}},"publisher":{"@type":"Organization","name":"enyaorg.cz","logo":{"@type":"ImageObject","@id":"\/logo.png","url":"\/logo.png","width":600,"height":60}},"image":{"@type":"ImageObject","@id":"https:\/\/www.enyaorg.cz\/wp-content\/uploads\/img_a340513_w2337_t1553498676.jpg","url":"https:\/\/www.enyaorg.cz\/wp-content\/uploads\/img_a340513_w2337_t1553498676.jpg","height":0,"width":0},"keywords":null},{"@type":"Article","@id":"https:\/\/www.enyaorg.cz\/psanicko-je-kralem-spolecenskych-kabelek\/","headline":"Psan\u00ed\u010dko je kr\u00e1lem spole\u010densk\u00fdch kabelek","url":"https:\/\/www.enyaorg.cz\/psanicko-je-kralem-spolecenskych-kabelek\/","datePublished":"2018-12-06","dateModified":"2023-04-30","mainEntityOfPage":"https:\/\/www.enyaorg.cz\/psanicko-je-kralem-spolecenskych-kabelek\/","author":{"@type":"Person","@id":"https:\/\/www.enyaorg.cz\/author\/#Person","name":"enyaorg.cz\n","url":"https:\/\/www.enyaorg.cz\/author\/","identifier":1,"image":{"@type":"ImageObject","@id":"https:\/\/secure.gravatar.com\/avatar\/4860d213c5bedfa07ff2b166ff7b069759f9dbf79eae813578c75f9f8cb939b7?s=96&d=mm&r=g","url":"https:\/\/secure.gravatar.com\/avatar\/4860d213c5bedfa07ff2b166ff7b069759f9dbf79eae813578c75f9f8cb939b7?s=96&d=mm&r=g","height":96,"width":96}},"publisher":{"@type":"Organization","name":"enyaorg.cz","logo":{"@type":"ImageObject","@id":"\/logo.png","url":"\/logo.png","width":600,"height":60}},"image":{"@type":"ImageObject","@id":"https:\/\/www.enyaorg.cz\/wp-content\/uploads\/img_a331655_w2337_t1544264052.jpg","url":"https:\/\/www.enyaorg.cz\/wp-content\/uploads\/img_a331655_w2337_t1544264052.jpg","height":0,"width":0},"keywords":null},{"@type":"Article","@id":"https:\/\/www.enyaorg.cz\/oleje-molykote\/","headline":"Oleje molykote","url":"https:\/\/www.enyaorg.cz\/oleje-molykote\/","datePublished":"2018-03-10","dateModified":"2023-04-30","mainEntityOfPage":"https:\/\/www.enyaorg.cz\/oleje-molykote\/","author":{"@type":"Person","@id":"https:\/\/www.enyaorg.cz\/author\/#Person","name":"enyaorg.cz\n","url":"https:\/\/www.enyaorg.cz\/author\/","identifier":1,"image":{"@type":"ImageObject","@id":"https:\/\/secure.gravatar.com\/avatar\/4860d213c5bedfa07ff2b166ff7b069759f9dbf79eae813578c75f9f8cb939b7?s=96&d=mm&r=g","url":"https:\/\/secure.gravatar.com\/avatar\/4860d213c5bedfa07ff2b166ff7b069759f9dbf79eae813578c75f9f8cb939b7?s=96&d=mm&r=g","height":96,"width":96}},"publisher":{"@type":"Organization","name":"enyaorg.cz","logo":{"@type":"ImageObject","@id":"\/logo.png","url":"\/logo.png","width":600,"height":60}},"image":{"@type":"ImageObject","@id":"https:\/\/www.enyaorg.cz\/wp-content\/uploads\/img_a313683_w2337_t1524553208.jpg","url":"https:\/\/www.enyaorg.cz\/wp-content\/uploads\/img_a313683_w2337_t1524553208.jpg","height":0,"width":0},"keywords":null},{"@type":"Article","@id":"https:\/\/www.enyaorg.cz\/kde-se-vzaly-namornicke-prouzky\/","headline":"Kde se vzaly n\u00e1mo\u0159nick\u00e9 prou\u017eky","url":"https:\/\/www.enyaorg.cz\/kde-se-vzaly-namornicke-prouzky\/","datePublished":"2017-10-26","dateModified":"2023-04-30","mainEntityOfPage":"https:\/\/www.enyaorg.cz\/kde-se-vzaly-namornicke-prouzky\/","author":{"@type":"Person","@id":"https:\/\/www.enyaorg.cz\/author\/#Person","name":"enyaorg.cz\n","url":"https:\/\/www.enyaorg.cz\/author\/","identifier":1,"image":{"@type":"ImageObject","@id":"https:\/\/secure.gravatar.com\/avatar\/4860d213c5bedfa07ff2b166ff7b069759f9dbf79eae813578c75f9f8cb939b7?s=96&d=mm&r=g","url":"https:\/\/secure.gravatar.com\/avatar\/4860d213c5bedfa07ff2b166ff7b069759f9dbf79eae813578c75f9f8cb939b7?s=96&d=mm&r=g","height":96,"width":96}},"publisher":{"@type":"Organization","name":"enyaorg.cz","logo":{"@type":"ImageObject","@id":"\/logo.png","url":"\/logo.png","width":600,"height":60}},"image":{"@type":"ImageObject","@id":"https:\/\/www.enyaorg.cz\/wp-content\/uploads\/img_a300572_w2337_t1510659513.jpg","url":"https:\/\/www.enyaorg.cz\/wp-content\/uploads\/img_a300572_w2337_t1510659513.jpg","height":0,"width":0},"keywords":null}]}